[{"@context":"https:\/\/schema.org\/","@type":"Article","@id":"https:\/\/www.guan-yin.cz\/netradicni-mista-pro-dovolenou-v-roce-2018\/#Article","mainEntityOfPage":"https:\/\/www.guan-yin.cz\/netradicni-mista-pro-dovolenou-v-roce-2018\/","headline":"Netradi\u010dn\u00ed m\u00edsta pro dovolenou v roce 2018","name":"Netradi\u010dn\u00ed m\u00edsta pro dovolenou v roce 2018","description":"Akureyri (Island) Druh\u00e1 nejv\u011bt\u0161\u00ed m\u011bstsk\u00e1 oblast na Islandu s 18 000 obyvateli je sama o sob\u011b dobrou volbou, stejn\u011b jako v\u00fdchoz\u00edm bodem pro objevov\u00e1n\u00ed n\u011bkter\u00fdch z nejpozoruhodn\u011bj\u0161\u00edch pam\u00e1tek na ostrov\u011b. M\u00edsto se vyzna\u010duje su\u0161\u0161\u00edm klimatem, ne\u017e jak\u00e9 panuje v hlavn\u00edm m\u011bst\u011b Reykjav\u00edku. Jedn\u00e1 se o p\u0159\u00edstavn\u00ed m\u011bsto le\u017e\u00edc\u00ed v bl\u00edzkosti","datePublished":"2018-02-22","dateModified":"2023-05-05","author":{"@type":"Person","@id":"https:\/\/www.guan-yin.cz\/author\/#Person","name":"","url":"https:\/\/www.guan-yin.cz\/author\/","identifier":1,"image":{"@type":"ImageObject","@id":"https:\/\/secure.gravatar.com\/avatar\/9650bad63f840fe2951db83904c5d1edf6fafb8283b72071d80cdc2088366373?s=96&d=mm&r=g","url":"https:\/\/secure.gravatar.com\/avatar\/9650bad63f840fe2951db83904c5d1edf6fafb8283b72071d80cdc2088366373?s=96&d=mm&r=g","height":96,"width":96}},"publisher":{"@type":"Organization","name":"guan-yin.cz","logo":{"@type":"ImageObject","@id":"\/logo.png","url":"\/logo.png","width":600,"height":60}},"image":{"@type":"ImageObject","@id":"https:\/\/www.guan-yin.cz\/wp-content\/uploads\/img_a313566_w2528_t1524384530.jpg","url":"https:\/\/www.guan-yin.cz\/wp-content\/uploads\/img_a313566_w2528_t1524384530.jpg","height":0,"width":0},"url":"https:\/\/www.guan-yin.cz\/netradicni-mista-pro-dovolenou-v-roce-2018\/","about":["Zv\u00ed\u0159ata"],"wordCount":385,"articleBody":"Akureyri (Island)Druh\u00e1 nejv\u011bt\u0161\u00ed m\u011bstsk\u00e1 oblast na Islandu s 18 000 obyvateli je sama o sob\u011b dobrou volbou, stejn\u011b jako v\u00fdchoz\u00edm bodem pro objevov\u00e1n\u00ed n\u011bkter\u00fdch z nejpozoruhodn\u011bj\u0161\u00edch pam\u00e1tek na ostrov\u011b. M\u00edsto se vyzna\u010duje su\u0161\u0161\u00edm klimatem, ne\u017e jak\u00e9 panuje v hlavn\u00edm m\u011bst\u011b Reykjav\u00edku. Jedn\u00e1 se o p\u0159\u00edstavn\u00ed m\u011bsto le\u017e\u00edc\u00ed v bl\u00edzkosti Eyjafj\u00f6r\u00f0ur, p\u0159ekr\u00e1sn\u00e9ho a z\u00e1rove\u0148 nejdel\u0161\u00edho fjordu v zemi. V bl\u00edzkosti se rovn\u011b\u017e nach\u00e1z\u00ed i lokality, v nich\u017e se nat\u00e1\u010del seri\u00e1l Hra o tr\u016fny. Jedn\u00e1 se o vodop\u00e1d Go\u00f0afoss a jezero M\u00fdvatn.\u00a0Tbilisi (Gruzie)V roce 2011 zapo\u010dala v gruz\u00ednsk\u00e9m hlavn\u00edm m\u011bst\u011b gastronomick\u00e1 revoluce. A ji\u017e nyn\u00ed se sou\u010dasn\u00e1 m\u011bstsk\u00e1 kultura py\u0161n\u00ed renom\u00e9, d\u00edky kter\u00e9mu se stala pov\u011bstn\u00fdm m\u00edstem pro n\u00e1ro\u010dn\u00e9 hosty. Rovn\u011b\u017e je zde mo\u017en\u00e9 nav\u0161t\u00edvit i nov\u00e9 galerie, jako nap\u0159\u00edklad Project ArtBeat, otev\u0159en\u00e1 v roce 2017, p\u0159isp\u00edvaj\u00edc\u00ed k rostouc\u00edmu po\u010dtu prostor vyhrazen\u00fdm mlad\u00fdm gruz\u00ednsk\u00fdm um\u011blc\u016fm.\u00a0Leeuwarden-Friesland (Nizozemsko)Projekt Evropsk\u00e9 hlavn\u00ed m\u011bsto kultury \u010dasto zam\u011b\u0159uje svou pozornost na m\u00e9n\u011b zn\u00e1m\u00e9 destinace. Fr\u00edsk\u00e1 krajina se vyzna\u010duje lesy, louky a ra\u0161elini\u0161ti a t\u00e1hne se pod\u00e9l pob\u0159e\u017e\u00ed Waddensk\u00e9ho mo\u0159e a jeho ostrov\u016f. Exotick\u00e1 tane\u010dnice a \u0161pionka Mata Hari a grafik MC Escher poch\u00e1zej\u00ed pr\u00e1v\u011b z Leeuwardenu a oba jsou zde p\u0159ipom\u00edn\u00e1ni v\u00fdstavami, debatami a projekcemi.\u00a0Flandry (Belgie)N\u00e1v\u0161t\u011bva vl\u00e1msk\u00fdch vojensk\u00fdch pam\u00e1tn\u00edk\u016f letos ponese velk\u00fd v\u00fdznam, nebo\u0165 si tento region letos p\u0159ipomene st\u00e9 v\u00fdro\u010d\u00ed konce prvn\u00ed sv\u011btov\u00e9 v\u00e1lky. Tento rok zde tak\u00e9 za\u010d\u00edn\u00e1 t\u0159\u00edlet\u00e1 oslava flandersk\u00fdch mistr\u016f, kter\u00e1 se letos zam\u011b\u0159uje na Rubense a jeho barokn\u00ed vliv v Antverp\u00e1ch. Ti, kte\u0159\u00ed maj\u00ed z\u00e1jem ochutnat Belgii v tekut\u00e9 form\u011b, budou moci nav\u0161t\u00edvit mnoh\u00e9 z \u0159ady pivn\u00edch festival\u016f, v\u010detn\u011b Antverpsk\u00e9ho pivn\u00edho ve\u010dera (23. &#8211; 25. \u010dervna), nebo BXLBeerFestu (25. &#8211; 26. srpna) a Belgick\u00e9ho pivn\u00edho v\u00edkendu (31. srpna &#8211; 2. z\u00e1\u0159\u00ed), konaj\u00edc\u00edch se v Bruselu.                                                                                                                                                                                                                                                                                                                                                                                        4.6\/5 - (10 votes)        "},{"@context":"https:\/\/schema.org\/","@type":"BreadcrumbList","itemListElement":[{"@type":"ListItem","position":1,"name":"Netradi\u010dn\u00ed m\u00edsta pro dovolenou v roce 2018","item":"https:\/\/www.guan-yin.cz\/netradicni-mista-pro-dovolenou-v-roce-2018\/#breadcrumbitem"}]}]