[{"@context":"https:\/\/schema.org\/","@type":"Article","@id":"https:\/\/www.guan-yin.cz\/stehovani-v-prosinci-v-dobe-adventu\/#Article","mainEntityOfPage":"https:\/\/www.guan-yin.cz\/stehovani-v-prosinci-v-dobe-adventu\/","headline":"St\u011bhov\u00e1n\u00ed v prosinci v dob\u011b Adventu","name":"St\u011bhov\u00e1n\u00ed v prosinci v dob\u011b Adventu","description":"Pl\u00e1nujete st\u011bhov\u00e1n\u00ed rodinn\u00e9ho domu a vych\u00e1z\u00ed v\u00e1m to zrovna do obdob\u00ed Adventu, t\u011bsn\u011b p\u0159ed v\u00e1no\u010dn\u00edmi sv\u00e1tky? A chcete pro\u017e\u00edt st\u011bhov\u00e1n\u00ed v poklidn\u00e9m duchu a nekazit si V\u00e1noce? Pak si objednejte st\u011bhov\u00e1n\u00ed v Praze na kl\u00ed\u010d. Co t\u00edm m\u00e1me na mysli? Balen\u00ed v\u011bc\u00ed \u2013 st\u011bhovac\u00ed firma za v\u00e1s zabal\u00ed v\u0161echny va\u0161e","datePublished":"2024-08-27","dateModified":"2024-08-27","author":{"@type":"Person","@id":"https:\/\/www.guan-yin.cz\/author\/#Person","name":"","url":"https:\/\/www.guan-yin.cz\/author\/","identifier":1,"image":{"@type":"ImageObject","@id":"https:\/\/secure.gravatar.com\/avatar\/9650bad63f840fe2951db83904c5d1edf6fafb8283b72071d80cdc2088366373?s=96&d=mm&r=g","url":"https:\/\/secure.gravatar.com\/avatar\/9650bad63f840fe2951db83904c5d1edf6fafb8283b72071d80cdc2088366373?s=96&d=mm&r=g","height":96,"width":96}},"publisher":{"@type":"Organization","name":"guan-yin.cz","logo":{"@type":"ImageObject","@id":"\/logo.png","url":"\/logo.png","width":600,"height":60}},"image":{"@type":"ImageObject","@id":"https:\/\/www.guan-yin.cz\/wp-content\/uploads\/christmas-2937873_640.jpg","url":"https:\/\/www.guan-yin.cz\/wp-content\/uploads\/christmas-2937873_640.jpg","height":0,"width":0},"url":"https:\/\/www.guan-yin.cz\/stehovani-v-prosinci-v-dobe-adventu\/","wordCount":436,"articleBody":"   Pl\u00e1nujete st\u011bhov\u00e1n\u00ed rodinn\u00e9ho domu a vych\u00e1z\u00ed v\u00e1m to zrovna do obdob\u00ed Adventu, t\u011bsn\u011b p\u0159ed v\u00e1no\u010dn\u00edmi sv\u00e1tky? A chcete pro\u017e\u00edt st\u011bhov\u00e1n\u00ed v poklidn\u00e9m duchu a nekazit si V\u00e1noce? Pak si objednejte st\u011bhov\u00e1n\u00ed v Praze na kl\u00ed\u010d. Co t\u00edm m\u00e1me na mysli?Balen\u00ed v\u011bc\u00ed \u2013 st\u011bhovac\u00ed firma za v\u00e1s zabal\u00ed v\u0161echny va\u0161e osobn\u00ed v\u011bci. Vy si pouze sbalte to nejnutn\u011bj\u0161\u00ed, abyste m\u011bli pro prvn\u00ed dva dny po nast\u011bhov\u00e1n\u00ed \u2013 oble\u010den\u00ed, obuv, lo\u017en\u00ed pr\u00e1dlo, hygienick\u00e9 pot\u0159eby, dokumenty, pen\u00edze a v\u0161e, co pot\u0159ebujete m\u00edt u sebe ve sportovn\u00ed ta\u0161ce. To ostatn\u00ed p\u0159enechejte st\u011bhovac\u00ed firm\u011b, kter\u00e1 z\u00e1rove\u0148 v\u0161echny p\u0159edm\u011bty na nov\u00e9m m\u00edst\u011b vybal\u00ed.Demont\u00e1\u017e n\u00e1bytku \u2013 rozeb\u00edrateln\u00fd n\u00e1bytek by m\u011bl b\u00fdt demontov\u00e1n, aby v pr\u016fb\u011bhu st\u011bhov\u00e1n\u00ed nedo\u0161lo k jeho po\u0161kozen\u00ed. T\u00fdk\u00e1 se to hlavn\u011b sk\u0159\u00edn\u00ed, stol\u016f, komod a postel\u00ed. Drobn\u00e9 kusy n\u00e1bytku, nap\u0159\u00edklad no\u010dn\u00ed stolky, se demontovat nemus\u00ed. St\u011bhov\u00e1ci zajist\u00ed jak demont\u00e1\u017e, tak i zp\u011btnou mont\u00e1\u017e na nov\u00e9m p\u016fsobi\u0161ti.P\u0159en\u00e1\u0161en\u00ed b\u0159emen \u2013 st\u011bhovac\u00ed firma se standardn\u011b postar\u00e1 o ve\u0161ker\u00e9 p\u0159em\u00edst\u011bn\u00ed va\u0161ich v\u011bc\u00ed, a to jak n\u00e1bytku a kartonov\u00fdch krabic, tak i koberc\u016f, sv\u00edtidel, bytov\u00fdch dopl\u0148k\u016f, st\u00edn\u00edc\u00ed techniky \u010di pokojov\u00fdch rostlin.Instalace spot\u0159ebi\u010d\u016f \u2013 je-li to zapot\u0159eb\u00ed, st\u011bhov\u00e1ci nainstaluj\u00ed na nov\u00e9m m\u00edst\u011b v\u0161echny spot\u0159ebi\u010de, nap\u0159\u00edklad je toto p\u0159\u00edpad st\u011bhov\u00e1n\u00ed kuchyn\u00ed. Z\u00e1rove\u0148 namontuj\u00ed sv\u00edtidla, garn\u00fd\u017ee, zrcadla, police a v\u0161e, co m\u00e1 na nov\u00e9m m\u00edst\u011b v byt\u011b b\u00fdt.\u00daklid \u2013 pokud pot\u0159ebujete zajistit \u00faklidov\u00e9 pr\u00e1ce na star\u00e9m i nov\u00e9m m\u00edst\u011b, m\u016f\u017eete se se st\u011bhov\u00e1ky dohodnout, zda by se postarali i o toto, p\u0159\u00edpadn\u011b lze vyu\u017e\u00edt slu\u017eeb \u00faklidov\u00fdch firem. V\u00e1\u0161 Advent a V\u00e1noce tak mohou prob\u00edhat v poklidn\u00e9m duchu a vy se soust\u0159ed\u00edte pouze na to podstatn\u00e9 \u2013 na osobn\u00ed pohodu a klid, na v\u00e1no\u010dn\u00ed d\u00e1rky, na zdoben\u00ed stromku, p\u0159\u00edpravu ob\u010derstven\u00ed a nakonec i v\u00e1no\u010dn\u00ed v\u00fdzdobu. St\u011bhov\u00e1n\u00ed p\u0159ed V\u00e1nocemi v\u016fbec nemus\u00ed b\u00fdt skli\u010duj\u00edc\u00ed a naopak jej pro\u017eijete mo\u017en\u00e1 l\u00e9pe, ne\u017e b\u011b\u017en\u00fd ka\u017edodenn\u00ed \u017eivot.                                                                                                                                                                                                                                                                                                                                                                                          4.6\/5 - (8 votes)        "},{"@context":"https:\/\/schema.org\/","@type":"BreadcrumbList","itemListElement":[{"@type":"ListItem","position":1,"name":"St\u011bhov\u00e1n\u00ed v prosinci v dob\u011b Adventu","item":"https:\/\/www.guan-yin.cz\/stehovani-v-prosinci-v-dobe-adventu\/#breadcrumbitem"}]}]